{"id":3656,"date":"2023-02-22T08:52:03","date_gmt":"2023-02-22T07:52:03","guid":{"rendered":"https:\/\/a-eb.org\/?p=3656"},"modified":"2023-02-22T08:52:03","modified_gmt":"2023-02-22T07:52:03","slug":"dopo-di-noi-una-fondazione-per-prendersi-cura-dei-disabili","status":"publish","type":"post","link":"https:\/\/a-eb.org\/it\/dopo-di-noi-una-fondazione-per-prendersi-cura-dei-disabili\/","title":{"rendered":"Dopo di noi: una fondazione per prendersi cura dei disabili"},"content":{"rendered":"[vc_row type=&#8221;in_container&#8221; full_screen_row_position=&#8221;middle&#8221; column_margin=&#8221;default&#8221; column_direction=&#8221;default&#8221; column_direction_tablet=&#8221;default&#8221; column_direction_phone=&#8221;default&#8221; scene_position=&#8221;center&#8221; text_color=&#8221;dark&#8221; text_align=&#8221;left&#8221; row_border_radius=&#8221;none&#8221; row_border_radius_applies=&#8221;bg&#8221; overflow=&#8221;visible&#8221; overlay_strength=&#8221;0.3&#8243; gradient_direction=&#8221;left_to_right&#8221; shape_divider_position=&#8221;bottom&#8221; bg_image_animation=&#8221;none&#8221;][vc_column column_padding=&#8221;no-extra-padding&#8221; column_padding_tablet=&#8221;inherit&#8221; column_padding_phone=&#8221;inherit&#8221; column_padding_position=&#8221;all&#8221; column_element_direction_desktop=&#8221;default&#8221; column_element_spacing=&#8221;default&#8221; desktop_text_alignment=&#8221;default&#8221; tablet_text_alignment=&#8221;default&#8221; phone_text_alignment=&#8221;default&#8221; background_color_opacity=&#8221;1&#8243; background_hover_color_opacity=&#8221;1&#8243; column_backdrop_filter=&#8221;none&#8221; column_shadow=&#8221;none&#8221; column_border_radius=&#8221;none&#8221; column_link_target=&#8221;_self&#8221; column_position=&#8221;default&#8221; gradient_direction=&#8221;left_to_right&#8221; overlay_strength=&#8221;0.3&#8243; width=&#8221;1\/1&#8243; tablet_width_inherit=&#8221;default&#8221; animation_type=&#8221;default&#8221; bg_image_animation=&#8221;none&#8221; border_type=&#8221;simple&#8221; column_border_width=&#8221;none&#8221; column_border_style=&#8221;solid&#8221;][vc_column_text]Garantire una vita dignitosa quando chi si cura di loro non ci sar\u00e0 pi\u00f9. \u00e8 l&#8217;impegno di tre associazioni altoatesine<\/p>\n<p>Link: <a href=\"https:\/\/www.rainews.it\/tgr\/bolzano\/video\/2023\/02\/dopo-di-noi-una-fondazione-per-prendersi-cura-dei-disabili-4fb38d4c-f33f-48ad-9552-2a2e9ff59d30.html?nxtep\">Video TGR Bolzano 21.02.2023<\/a>[\/vc_column_text][\/vc_column][\/vc_row]\n","protected":false},"excerpt":{"rendered":"<p>[vc_row type=&#8221;in_container&#8221; full_screen_row_position=&#8221;middle&#8221; column_margin=&#8221;default&#8221; column_direction=&#8221;default&#8221; column_direction_tablet=&#8221;default&#8221; column_direction_phone=&#8221;default&#8221; scene_position=&#8221;center&#8221; text_color=&#8221;dark&#8221; text_align=&#8221;left&#8221; row_border_radius=&#8221;none&#8221; row_border_radius_applies=&#8221;bg&#8221; overflow=&#8221;visible&#8221; overlay_strength=&#8221;0.3&#8243; gradient_direction=&#8221;left_to_right&#8221; shape_divider_position=&#8221;bottom&#8221; bg_image_animation=&#8221;none&#8221;][vc_column column_padding=&#8221;no-extra-padding&#8221; column_padding_tablet=&#8221;inherit&#8221; column_padding_phone=&#8221;inherit&#8221;&#8230;<\/p>\n","protected":false},"author":5,"featured_media":3657,"comment_status":"closed","ping_status":"open","sticky":false,"template":"","format":"standard","meta":{"footnotes":""},"categories":[13],"tags":[],"class_list":{"0":"post-3656","1":"post","2":"type-post","3":"status-publish","4":"format-standard","5":"has-post-thumbnail","7":"category-news"},"yoast_head":"<!-- This site is optimized with the Yoast SEO plugin v27.4 - https:\/\/yoast.com\/product\/yoast-seo-wordpress\/ -->\n<title>Dopo di noi: una fondazione per prendersi cura dei disabili - AEB-Aktive Eltern von Menschen mit Behinderung VFG | Bozen | S\u00fcdtirol<\/title>\n<meta name=\"robots\" content=\"index, follow, max-snippet:-1, max-image-preview:large, max-video-preview:-1\" \/>\n<link rel=\"canonical\" href=\"https:\/\/a-eb.org\/it\/dopo-di-noi-una-fondazione-per-prendersi-cura-dei-disabili\/\" \/>\n<meta property=\"og:locale\" content=\"it_IT\" \/>\n<meta property=\"og:type\" content=\"article\" \/>\n<meta property=\"og:title\" content=\"Dopo di noi: una fondazione per prendersi cura dei disabili - AEB-Aktive Eltern von Menschen mit Behinderung VFG | Bozen | S\u00fcdtirol\" \/>\n<meta property=\"og:description\" content=\"[vc_row type=&#8221;in_container&#8221; full_screen_row_position=&#8221;middle&#8221; column_margin=&#8221;default&#8221; column_direction=&#8221;default&#8221; column_direction_tablet=&#8221;default&#8221; column_direction_phone=&#8221;default&#8221; scene_position=&#8221;center&#8221; text_color=&#8221;dark&#8221; text_align=&#8221;left&#8221; row_border_radius=&#8221;none&#8221; row_border_radius_applies=&#8221;bg&#8221; overflow=&#8221;visible&#8221; overlay_strength=&#8221;0.3&#8243; gradient_direction=&#8221;left_to_right&#8221; shape_divider_position=&#8221;bottom&#8221; bg_image_animation=&#8221;none&#8221;][vc_column column_padding=&#8221;no-extra-padding&#8221; column_padding_tablet=&#8221;inherit&#8221; column_padding_phone=&#8221;inherit&#8221;...\" \/>\n<meta property=\"og:url\" content=\"https:\/\/a-eb.org\/it\/dopo-di-noi-una-fondazione-per-prendersi-cura-dei-disabili\/\" \/>\n<meta property=\"og:site_name\" content=\"AEB-Aktive Eltern von Menschen mit Behinderung VFG | Bozen | S\u00fcdtirol\" \/>\n<meta property=\"article:published_time\" content=\"2023-02-22T07:52:03+00:00\" \/>\n<meta property=\"og:image\" content=\"https:\/\/a-eb.org\/wordpress\/wp-content\/uploads\/2023\/02\/Dopo-di-noi.png\" \/>\n\t<meta property=\"og:image:width\" content=\"791\" \/>\n\t<meta property=\"og:image:height\" content=\"511\" \/>\n\t<meta property=\"og:image:type\" content=\"image\/png\" \/>\n<meta name=\"author\" content=\"a-eb\" \/>\n<meta name=\"twitter:card\" content=\"summary_large_image\" \/>\n<meta name=\"twitter:label1\" content=\"Scritto da\" \/>\n\t<meta name=\"twitter:data1\" content=\"a-eb\" \/>\n\t<meta name=\"twitter:label2\" content=\"Tempo di lettura stimato\" \/>\n\t<meta name=\"twitter:data2\" content=\"1 minuto\" \/>\n<script type=\"application\/ld+json\" class=\"yoast-schema-graph\">{\"@context\":\"https:\\\/\\\/schema.org\",\"@graph\":[{\"@type\":\"Article\",\"@id\":\"https:\\\/\\\/a-eb.org\\\/it\\\/dopo-di-noi-una-fondazione-per-prendersi-cura-dei-disabili\\\/#article\",\"isPartOf\":{\"@id\":\"https:\\\/\\\/a-eb.org\\\/it\\\/dopo-di-noi-una-fondazione-per-prendersi-cura-dei-disabili\\\/\"},\"author\":{\"name\":\"a-eb\",\"@id\":\"https:\\\/\\\/a-eb.org\\\/#\\\/schema\\\/person\\\/325fa69af067b3a181046f67c79c67ff\"},\"headline\":\"Dopo di noi: una fondazione per prendersi cura dei disabili\",\"datePublished\":\"2023-02-22T07:52:03+00:00\",\"mainEntityOfPage\":{\"@id\":\"https:\\\/\\\/a-eb.org\\\/it\\\/dopo-di-noi-una-fondazione-per-prendersi-cura-dei-disabili\\\/\"},\"wordCount\":196,\"image\":{\"@id\":\"https:\\\/\\\/a-eb.org\\\/it\\\/dopo-di-noi-una-fondazione-per-prendersi-cura-dei-disabili\\\/#primaryimage\"},\"thumbnailUrl\":\"https:\\\/\\\/a-eb.org\\\/wordpress\\\/wp-content\\\/uploads\\\/2023\\\/02\\\/Dopo-di-noi.png\",\"articleSection\":[\"News\"],\"inLanguage\":\"it-IT\"},{\"@type\":\"WebPage\",\"@id\":\"https:\\\/\\\/a-eb.org\\\/it\\\/dopo-di-noi-una-fondazione-per-prendersi-cura-dei-disabili\\\/\",\"url\":\"https:\\\/\\\/a-eb.org\\\/it\\\/dopo-di-noi-una-fondazione-per-prendersi-cura-dei-disabili\\\/\",\"name\":\"Dopo di noi: una fondazione per prendersi cura dei disabili - AEB-Aktive Eltern von Menschen mit Behinderung VFG | Bozen | S\u00fcdtirol\",\"isPartOf\":{\"@id\":\"https:\\\/\\\/a-eb.org\\\/#website\"},\"primaryImageOfPage\":{\"@id\":\"https:\\\/\\\/a-eb.org\\\/it\\\/dopo-di-noi-una-fondazione-per-prendersi-cura-dei-disabili\\\/#primaryimage\"},\"image\":{\"@id\":\"https:\\\/\\\/a-eb.org\\\/it\\\/dopo-di-noi-una-fondazione-per-prendersi-cura-dei-disabili\\\/#primaryimage\"},\"thumbnailUrl\":\"https:\\\/\\\/a-eb.org\\\/wordpress\\\/wp-content\\\/uploads\\\/2023\\\/02\\\/Dopo-di-noi.png\",\"datePublished\":\"2023-02-22T07:52:03+00:00\",\"author\":{\"@id\":\"https:\\\/\\\/a-eb.org\\\/#\\\/schema\\\/person\\\/325fa69af067b3a181046f67c79c67ff\"},\"breadcrumb\":{\"@id\":\"https:\\\/\\\/a-eb.org\\\/it\\\/dopo-di-noi-una-fondazione-per-prendersi-cura-dei-disabili\\\/#breadcrumb\"},\"inLanguage\":\"it-IT\",\"potentialAction\":[{\"@type\":\"ReadAction\",\"target\":[\"https:\\\/\\\/a-eb.org\\\/it\\\/dopo-di-noi-una-fondazione-per-prendersi-cura-dei-disabili\\\/\"]}]},{\"@type\":\"ImageObject\",\"inLanguage\":\"it-IT\",\"@id\":\"https:\\\/\\\/a-eb.org\\\/it\\\/dopo-di-noi-una-fondazione-per-prendersi-cura-dei-disabili\\\/#primaryimage\",\"url\":\"https:\\\/\\\/a-eb.org\\\/wordpress\\\/wp-content\\\/uploads\\\/2023\\\/02\\\/Dopo-di-noi.png\",\"contentUrl\":\"https:\\\/\\\/a-eb.org\\\/wordpress\\\/wp-content\\\/uploads\\\/2023\\\/02\\\/Dopo-di-noi.png\",\"width\":791,\"height\":511},{\"@type\":\"BreadcrumbList\",\"@id\":\"https:\\\/\\\/a-eb.org\\\/it\\\/dopo-di-noi-una-fondazione-per-prendersi-cura-dei-disabili\\\/#breadcrumb\",\"itemListElement\":[{\"@type\":\"ListItem\",\"position\":1,\"name\":\"Startseite\",\"item\":\"https:\\\/\\\/a-eb.org\\\/it\\\/\"},{\"@type\":\"ListItem\",\"position\":2,\"name\":\"Dopo di noi: una fondazione per prendersi cura dei disabili\"}]},{\"@type\":\"WebSite\",\"@id\":\"https:\\\/\\\/a-eb.org\\\/#website\",\"url\":\"https:\\\/\\\/a-eb.org\\\/\",\"name\":\"AEB-Aktive Eltern von Menschen mit Behinderung VFG | Bozen | S\u00fcdtirol\",\"description\":\"AEB-Aktive Eltern von Menschen mit Behinderung VFG\",\"potentialAction\":[{\"@type\":\"SearchAction\",\"target\":{\"@type\":\"EntryPoint\",\"urlTemplate\":\"https:\\\/\\\/a-eb.org\\\/?s={search_term_string}\"},\"query-input\":{\"@type\":\"PropertyValueSpecification\",\"valueRequired\":true,\"valueName\":\"search_term_string\"}}],\"inLanguage\":\"it-IT\"},{\"@type\":\"Person\",\"@id\":\"https:\\\/\\\/a-eb.org\\\/#\\\/schema\\\/person\\\/325fa69af067b3a181046f67c79c67ff\",\"name\":\"a-eb\",\"url\":\"https:\\\/\\\/a-eb.org\\\/it\\\/author\\\/a-eb\\\/\"}]}<\/script>\n<!-- \/ Yoast SEO plugin. -->","yoast_head_json":{"title":"Dopo di noi: una fondazione per prendersi cura dei disabili - AEB-Aktive Eltern von Menschen mit Behinderung VFG | Bozen | S\u00fcdtirol","robots":{"index":"index","follow":"follow","max-snippet":"max-snippet:-1","max-image-preview":"max-image-preview:large","max-video-preview":"max-video-preview:-1"},"canonical":"https:\/\/a-eb.org\/it\/dopo-di-noi-una-fondazione-per-prendersi-cura-dei-disabili\/","og_locale":"it_IT","og_type":"article","og_title":"Dopo di noi: una fondazione per prendersi cura dei disabili - AEB-Aktive Eltern von Menschen mit Behinderung VFG | Bozen | S\u00fcdtirol","og_description":"[vc_row type=&#8221;in_container&#8221; full_screen_row_position=&#8221;middle&#8221; column_margin=&#8221;default&#8221; column_direction=&#8221;default&#8221; column_direction_tablet=&#8221;default&#8221; column_direction_phone=&#8221;default&#8221; scene_position=&#8221;center&#8221; text_color=&#8221;dark&#8221; text_align=&#8221;left&#8221; row_border_radius=&#8221;none&#8221; row_border_radius_applies=&#8221;bg&#8221; overflow=&#8221;visible&#8221; overlay_strength=&#8221;0.3&#8243; gradient_direction=&#8221;left_to_right&#8221; shape_divider_position=&#8221;bottom&#8221; bg_image_animation=&#8221;none&#8221;][vc_column column_padding=&#8221;no-extra-padding&#8221; column_padding_tablet=&#8221;inherit&#8221; column_padding_phone=&#8221;inherit&#8221;...","og_url":"https:\/\/a-eb.org\/it\/dopo-di-noi-una-fondazione-per-prendersi-cura-dei-disabili\/","og_site_name":"AEB-Aktive Eltern von Menschen mit Behinderung VFG | Bozen | S\u00fcdtirol","article_published_time":"2023-02-22T07:52:03+00:00","og_image":[{"width":791,"height":511,"url":"https:\/\/a-eb.org\/wordpress\/wp-content\/uploads\/2023\/02\/Dopo-di-noi.png","type":"image\/png"}],"author":"a-eb","twitter_card":"summary_large_image","twitter_misc":{"Scritto da":"a-eb","Tempo di lettura stimato":"1 minuto"},"schema":{"@context":"https:\/\/schema.org","@graph":[{"@type":"Article","@id":"https:\/\/a-eb.org\/it\/dopo-di-noi-una-fondazione-per-prendersi-cura-dei-disabili\/#article","isPartOf":{"@id":"https:\/\/a-eb.org\/it\/dopo-di-noi-una-fondazione-per-prendersi-cura-dei-disabili\/"},"author":{"name":"a-eb","@id":"https:\/\/a-eb.org\/#\/schema\/person\/325fa69af067b3a181046f67c79c67ff"},"headline":"Dopo di noi: una fondazione per prendersi cura dei disabili","datePublished":"2023-02-22T07:52:03+00:00","mainEntityOfPage":{"@id":"https:\/\/a-eb.org\/it\/dopo-di-noi-una-fondazione-per-prendersi-cura-dei-disabili\/"},"wordCount":196,"image":{"@id":"https:\/\/a-eb.org\/it\/dopo-di-noi-una-fondazione-per-prendersi-cura-dei-disabili\/#primaryimage"},"thumbnailUrl":"https:\/\/a-eb.org\/wordpress\/wp-content\/uploads\/2023\/02\/Dopo-di-noi.png","articleSection":["News"],"inLanguage":"it-IT"},{"@type":"WebPage","@id":"https:\/\/a-eb.org\/it\/dopo-di-noi-una-fondazione-per-prendersi-cura-dei-disabili\/","url":"https:\/\/a-eb.org\/it\/dopo-di-noi-una-fondazione-per-prendersi-cura-dei-disabili\/","name":"Dopo di noi: una fondazione per prendersi cura dei disabili - AEB-Aktive Eltern von Menschen mit Behinderung VFG | Bozen | S\u00fcdtirol","isPartOf":{"@id":"https:\/\/a-eb.org\/#website"},"primaryImageOfPage":{"@id":"https:\/\/a-eb.org\/it\/dopo-di-noi-una-fondazione-per-prendersi-cura-dei-disabili\/#primaryimage"},"image":{"@id":"https:\/\/a-eb.org\/it\/dopo-di-noi-una-fondazione-per-prendersi-cura-dei-disabili\/#primaryimage"},"thumbnailUrl":"https:\/\/a-eb.org\/wordpress\/wp-content\/uploads\/2023\/02\/Dopo-di-noi.png","datePublished":"2023-02-22T07:52:03+00:00","author":{"@id":"https:\/\/a-eb.org\/#\/schema\/person\/325fa69af067b3a181046f67c79c67ff"},"breadcrumb":{"@id":"https:\/\/a-eb.org\/it\/dopo-di-noi-una-fondazione-per-prendersi-cura-dei-disabili\/#breadcrumb"},"inLanguage":"it-IT","potentialAction":[{"@type":"ReadAction","target":["https:\/\/a-eb.org\/it\/dopo-di-noi-una-fondazione-per-prendersi-cura-dei-disabili\/"]}]},{"@type":"ImageObject","inLanguage":"it-IT","@id":"https:\/\/a-eb.org\/it\/dopo-di-noi-una-fondazione-per-prendersi-cura-dei-disabili\/#primaryimage","url":"https:\/\/a-eb.org\/wordpress\/wp-content\/uploads\/2023\/02\/Dopo-di-noi.png","contentUrl":"https:\/\/a-eb.org\/wordpress\/wp-content\/uploads\/2023\/02\/Dopo-di-noi.png","width":791,"height":511},{"@type":"BreadcrumbList","@id":"https:\/\/a-eb.org\/it\/dopo-di-noi-una-fondazione-per-prendersi-cura-dei-disabili\/#breadcrumb","itemListElement":[{"@type":"ListItem","position":1,"name":"Startseite","item":"https:\/\/a-eb.org\/it\/"},{"@type":"ListItem","position":2,"name":"Dopo di noi: una fondazione per prendersi cura dei disabili"}]},{"@type":"WebSite","@id":"https:\/\/a-eb.org\/#website","url":"https:\/\/a-eb.org\/","name":"AEB-Aktive Eltern von Menschen mit Behinderung VFG | Bozen | S\u00fcdtirol","description":"AEB-Aktive Eltern von Menschen mit Behinderung VFG","potentialAction":[{"@type":"SearchAction","target":{"@type":"EntryPoint","urlTemplate":"https:\/\/a-eb.org\/?s={search_term_string}"},"query-input":{"@type":"PropertyValueSpecification","valueRequired":true,"valueName":"search_term_string"}}],"inLanguage":"it-IT"},{"@type":"Person","@id":"https:\/\/a-eb.org\/#\/schema\/person\/325fa69af067b3a181046f67c79c67ff","name":"a-eb","url":"https:\/\/a-eb.org\/it\/author\/a-eb\/"}]}},"_links":{"self":[{"href":"https:\/\/a-eb.org\/it\/wp-json\/wp\/v2\/posts\/3656","targetHints":{"allow":["GET"]}}],"collection":[{"href":"https:\/\/a-eb.org\/it\/wp-json\/wp\/v2\/posts"}],"about":[{"href":"https:\/\/a-eb.org\/it\/wp-json\/wp\/v2\/types\/post"}],"author":[{"embeddable":true,"href":"https:\/\/a-eb.org\/it\/wp-json\/wp\/v2\/users\/5"}],"replies":[{"embeddable":true,"href":"https:\/\/a-eb.org\/it\/wp-json\/wp\/v2\/comments?post=3656"}],"version-history":[{"count":1,"href":"https:\/\/a-eb.org\/it\/wp-json\/wp\/v2\/posts\/3656\/revisions"}],"predecessor-version":[{"id":3659,"href":"https:\/\/a-eb.org\/it\/wp-json\/wp\/v2\/posts\/3656\/revisions\/3659"}],"wp:featuredmedia":[{"embeddable":true,"href":"https:\/\/a-eb.org\/it\/wp-json\/wp\/v2\/media\/3657"}],"wp:attachment":[{"href":"https:\/\/a-eb.org\/it\/wp-json\/wp\/v2\/media?parent=3656"}],"wp:term":[{"taxonomy":"category","embeddable":true,"href":"https:\/\/a-eb.org\/it\/wp-json\/wp\/v2\/categories?post=3656"},{"taxonomy":"post_tag","embeddable":true,"href":"https:\/\/a-eb.org\/it\/wp-json\/wp\/v2\/tags?post=3656"}],"curies":[{"name":"wp","href":"https:\/\/api.w.org\/{rel}","templated":true}]}}