{"id":11839,"date":"2026-06-08T11:56:54","date_gmt":"2026-06-08T09:56:54","guid":{"rendered":"https:\/\/a-eb.org\/?p=11839"},"modified":"2026-08-03T14:10:30","modified_gmt":"2026-08-03T12:10:30","slug":"gli-alunni-e-le-alunne-con-disabilita-hanno-diritto-al-sostegno-di-cui-hanno-bisogno","status":"publish","type":"post","link":"https:\/\/a-eb.org\/it\/gli-alunni-e-le-alunne-con-disabilita-hanno-diritto-al-sostegno-di-cui-hanno-bisogno\/","title":{"rendered":"Gli alunni e le alunne con disabilit\u00e0 hanno diritto al sostegno di cui hanno bisogno"},"content":{"rendered":"[vc_row type=&#8221;in_container&#8221; full_screen_row_position=&#8221;middle&#8221; column_margin=&#8221;default&#8221; column_direction=&#8221;default&#8221; column_direction_tablet=&#8221;default&#8221; column_direction_phone=&#8221;default&#8221; scene_position=&#8221;center&#8221; top_padding=&#8221;1%&#8221; bottom_padding=&#8221;3%&#8221; text_color=&#8221;dark&#8221; text_align=&#8221;left&#8221; row_border_radius=&#8221;none&#8221; row_border_radius_applies=&#8221;bg&#8221; row_position_desktop=&#8221;default&#8221; row_position_tablet=&#8221;inherit&#8221; row_position_phone=&#8221;inherit&#8221; overflow=&#8221;visible&#8221; overlay_strength=&#8221;0.3&#8243; gradient_direction=&#8221;left_to_right&#8221; shape_divider_position=&#8221;bottom&#8221; bg_image_animation=&#8221;none&#8221; gradient_type=&#8221;default&#8221; shape_type=&#8221;&#8221;][vc_column column_padding=&#8221;no-extra-padding&#8221; column_padding_tablet=&#8221;inherit&#8221; column_padding_phone=&#8221;inherit&#8221; column_padding_position=&#8221;all&#8221; flex_gap_desktop=&#8221;10px&#8221; column_element_direction_desktop=&#8221;default&#8221; column_element_spacing=&#8221;default&#8221; desktop_text_alignment=&#8221;default&#8221; tablet_text_alignment=&#8221;default&#8221; phone_text_alignment=&#8221;default&#8221; background_color_opacity=&#8221;1&#8243; background_hover_color_opacity=&#8221;1&#8243; column_backdrop_filter=&#8221;none&#8221; column_shadow=&#8221;none&#8221; column_border_radius=&#8221;none&#8221; column_link_target=&#8221;_self&#8221; column_position=&#8221;default&#8221; gradient_direction=&#8221;left_to_right&#8221; overlay_strength=&#8221;0.3&#8243; width=&#8221;1\/1&#8243; tablet_width_inherit=&#8221;default&#8221; animation_type=&#8221;default&#8221; bg_image_animation=&#8221;none&#8221; border_type=&#8221;simple&#8221; column_border_width=&#8221;none&#8221; column_border_style=&#8221;solid&#8221;][vc_column_text css=&#8221;&#8221; text_direction=&#8221;default&#8221;]\n<h1><strong>Scuola per tutti &#8211; <\/strong><strong>Rafforzare ulteriormente il sostegno individuale<\/strong><\/h1>\n<p><strong>GAIA e l\u2019associazione AEB chiedono una scuola inclusiva, di alta qualit\u00e0 e adeguata ai bisogni di ogni studente<\/strong><\/p>\n<p>31 luglio 2026<\/p>\n<p>Nel corso del recente incontro tra la Garante per l\u2019infanzia e l\u2019adolescenza Daniela H\u00f6ller e la sua collaboratrice Lara Letrari con la presidente dell\u2019associazione AEB (Genitori attivi per l\u2019inclusione delle persone con disabilit\u00e0 APS) Angelika Stampfl, la componente del direttivo e responsabile del gruppo di lavoro Scuola dell\u2019AEB Bernardette Ramoser e la direttrice Esther Degasperi, \u00e8 stata evidenziata la crescente necessit\u00e0 di personale specializzato per il supporto scolastico (insegnanti di integrazione e collaboratrici\/collaboratori all\u2019integrazione), nonch\u00e9 l\u2019importanza di una formazione specifica e della continuit\u00e0 di tali figure professionali. \u00c8 stato ribadito ancora una volta che, a tal fine, sono particolarmente importanti organici attrattivi e stabili, accompagnati dalla necessaria certezza nella pianificazione, nonch\u00e9 una strategia del personale orientata al lungo periodo.<\/p>\n<p>In base all&#8217;art. 23 della Convenzione ONU sui diritti dell&#8217;infanzia, secondo cui bambine, bambini e adolescenti con disabilit\u00e0 hanno diritto a un sostegno speciale, a un\u2019educazione adeguata e a un percorso formativo personalizzato, tutte le alunne e tutti gli alunni devono poter beneficiare, in tutte le istituzioni scolastiche, di un sostegno e di un accompagnamento adeguati ai propri bisogni individuali. Questo \u00e8 essenziale affinch\u00e9 possano sviluppare al meglio le proprie potenzialit\u00e0 e ricevere una preparazione adeguata alla vita professionale.<\/p>\n<p>\u201cI genitori di bambine e bambini con disabilit\u00e0 lottano spesso fin dalla nascita affinch\u00e9 i loro figli abbiano le stesse opportunit\u00e0 di tutti gli altri. Molte famiglie, dopo anni di impegno costante, sono esauste. La scuola non deve trasformarsi in un\u2019ulteriore battaglia, ma essere un luogo in cui ogni bambina e ogni bambino riceve il sostegno necessario per il proprio sviluppo\u201d, afferma Bernardette Ramoser.<\/p>\n<p>La Garante per l\u2019infanzia e l\u2019adolescenza H\u00f6ller sottolinea: \u201cUna formazione inclusiva e di qualit\u00e0 e una completa partecipazione sociale possono realizzarsi solo se il sostegno viene garantito in modo adeguato ai bisogni individuali. A tal fine sono necessarie, oltre a risorse sufficienti, un&#8217;informazione tempestiva alle famiglie sulle normative vigenti, sulle competenze dei diversi soggetti coinvolti e sulle possibilit\u00e0 di sostegno disponibili, nonch\u00e9 una stretta collaborazione tra tutti gli attori interessati.\u201d<\/p>\n<p>La Garante per l\u2019infanzia e l\u2019adolescenza e l\u2019AEB chiedono che vengano assegnate tutte le ore di insegnanti di integrazione e di collaboratrici e collaboratori all\u2019integrazione definite in base al fabbisogno individuale di sostegno, sulla base delle valutazioni tecniche e professionali effettuate.<br \/>\nLa carenza di personale o le difficolt\u00e0 organizzative della scuola non devono mai andare a discapito delle bambine e dei bambini con disabilit\u00e0. In una sentenza della Corte di Cassazione pubblicata di recente si afferma che \u201c\u00e8 pertanto l\u2019amministrazione scolastica a dover adattare la propria organizzazione alle esigenze della persona, non viceversa.\u201d[\/vc_column_text][image_with_animation image_url=&#8221;11974&#8243; image_size=&#8221;full&#8221; max_width=&#8221;100%&#8221; max_width_mobile=&#8221;default&#8221; animation_type=&#8221;entrance&#8221; animation=&#8221;None&#8221; animation_movement_type=&#8221;transform_y&#8221; hover_animation=&#8221;none&#8221; alignment=&#8221;&#8221; img_link_large=&#8221;yes&#8221; border_radius=&#8221;none&#8221; box_shadow=&#8221;none&#8221; image_loading=&#8221;default&#8221;][vc_column_text css=&#8221;&#8221; text_direction=&#8221;default&#8221;]\n<p class=\"isSelectedEnd\">Alto Adige, 08.06.2026<\/p>\n<p class=\"isSelectedEnd\">L\u2019inclusione scolastica pu\u00f2 funzionare solo se gli alunni e le alunne con disabilit\u00e0 ricevono il supporto necessario per il loro percorso educativo, la loro partecipazione e il loro successo scolastico. La realt\u00e0 in molte scuole in lingua italiana dell\u2019Alto Adige, tuttavia, \u00e8 ben diversa.<\/p>\n<p class=\"isSelectedEnd\">All\u2019AEB \u2013 Genitori Attivi di Persone con Disabilit\u00e0 \u2013 continuano ad arrivare segnalazioni di situazioni nelle quali le risorse disponibili per l\u2019inclusione scolastica non sono sufficienti a rispondere ai bisogni reali di bambini, bambine, ragazzi e ragazze con disabilit\u00e0. Le conseguenze sono interventi di sostegno insufficienti, maggiori difficolt\u00e0 nel percorso di apprendimento e un crescente carico per le famiglie, gli insegnanti e le scuole.<\/p>\n<p class=\"isSelectedEnd\">In queste condizioni, una scuola realmente inclusiva non pu\u00f2 funzionare.<\/p>\n<h2>Un problema strutturale<\/h2>\n<p class=\"isSelectedEnd\">La causa non \u00e8 soltanto la carenza di personale qualificato. Un problema fondamentale riguarda anche l\u2019attuale quadro normativo che disciplina l\u2019assegnazione degli insegnanti di sostegno.<\/p>\n<p class=\"isSelectedEnd\">Da anni viene criticato il sistema con cui viene determinato il numero dei posti di sostegno in Alto Adige. Tale sistema si basa su un rapporto numerico rigido legato al numero complessivo degli alunni e delle alunne e non tiene adeguatamente conto dei bisogni effettivi degli studenti e delle studentesse con disabilit\u00e0. Di conseguenza, le risorse disponibili risultano spesso insufficienti per garantire un\u2019inclusione scolastica efficace.<\/p>\n<p class=\"isSelectedEnd\">I bambini, le bambine, i ragazzi e le ragazze con disabilit\u00e0 hanno il diritto all\u2019istruzione, alla partecipazione e a un sostegno individualizzato. Questo diritto non pu\u00f2 dipendere da calcoli statistici o da quote di personale prefissate.<\/p>\n<h2>L\u2019impegno dell\u2019AEB<\/h2>\n<p class=\"isSelectedEnd\">L\u2019AEB si impegna, insieme alle famiglie, ai professionisti del settore e ad altre organizzazioni, affinch\u00e9 le norme vigenti vengano riviste e adeguate ai bisogni reali degli alunni e delle alunne con disabilit\u00e0.<\/p>\n<p class=\"isSelectedEnd\">In particolare, l\u2019AEB chiede:<\/p>\n<ul data-spread=\"false\">\n<li>un\u2019assegnazione degli insegnanti di sostegno basata sui bisogni effettivi degli studenti;<\/li>\n<li>una revisione delle attuali modalit\u00e0 di calcolo dei posti di sostegno;<\/li>\n<li>risorse umane adeguate per garantire un\u2019inclusione scolastica efficace;<\/li>\n<li>strategie a lungo termine per attrarre e mantenere personale qualificato nel settore dell\u2019inclusione;<\/li>\n<li>condizioni stabili e affidabili per gli alunni, le famiglie e le scuole.<\/li>\n<\/ul>\n<p class=\"isSelectedEnd\">L\u2019inclusione non pu\u00f2 rimanere una semplice dichiarazione di principio. Deve tradursi in un sostegno concreto e percepibile nella quotidianit\u00e0 scolastica.<\/p>\n<p>L\u2019AEB continuer\u00e0 a impegnarsi con determinazione affinch\u00e9 tutti gli alunni e tutte le alunne con disabilit\u00e0 ricevano il supporto necessario per una partecipazione piena e paritaria al sistema educativo.[\/vc_column_text][\/vc_column][\/vc_row][vc_row type=&#8221;in_container&#8221; full_screen_row_position=&#8221;middle&#8221; column_margin=&#8221;default&#8221; column_direction=&#8221;default&#8221; column_direction_tablet=&#8221;default&#8221; column_direction_phone=&#8221;default&#8221; scene_position=&#8221;center&#8221; text_color=&#8221;dark&#8221; text_align=&#8221;left&#8221; row_border_radius=&#8221;none&#8221; row_border_radius_applies=&#8221;bg&#8221; row_position_desktop=&#8221;default&#8221; row_position_tablet=&#8221;inherit&#8221; row_position_phone=&#8221;inherit&#8221; overflow=&#8221;visible&#8221; overlay_strength=&#8221;0.3&#8243; gradient_direction=&#8221;left_to_right&#8221; shape_divider_position=&#8221;bottom&#8221; bg_image_animation=&#8221;none&#8221;][vc_column column_padding=&#8221;no-extra-padding&#8221; column_padding_tablet=&#8221;inherit&#8221; column_padding_phone=&#8221;inherit&#8221; column_padding_position=&#8221;all&#8221; flex_gap_desktop=&#8221;10px&#8221; column_element_direction_desktop=&#8221;default&#8221; column_element_spacing=&#8221;default&#8221; desktop_text_alignment=&#8221;default&#8221; tablet_text_alignment=&#8221;default&#8221; phone_text_alignment=&#8221;default&#8221; background_color_opacity=&#8221;1&#8243; background_hover_color_opacity=&#8221;1&#8243; column_backdrop_filter=&#8221;none&#8221; column_shadow=&#8221;none&#8221; column_border_radius=&#8221;none&#8221; column_link_target=&#8221;_self&#8221; column_position=&#8221;default&#8221; gradient_direction=&#8221;left_to_right&#8221; overlay_strength=&#8221;0.3&#8243; width=&#8221;1\/1&#8243; tablet_width_inherit=&#8221;default&#8221; animation_type=&#8221;default&#8221; bg_image_animation=&#8221;none&#8221; border_type=&#8221;simple&#8221; column_border_width=&#8221;none&#8221; column_border_style=&#8221;solid&#8221;][vc_column_text css=&#8221;&#8221; text_direction=&#8221;default&#8221;]Il gruppo di lavoro Scuola dell\u2019AEB, guidato da Nadia Nadal, segue da vicino questa problematica e si adopera affinch\u00e9 tutti gli alunni e le alunne possano beneficiare di una scuola realmente inclusiva e adeguatamente sostenuta.[\/vc_column_text][\/vc_column][\/vc_row][vc_row type=&#8221;in_container&#8221; full_screen_row_position=&#8221;middle&#8221; column_margin=&#8221;default&#8221; column_direction=&#8221;default&#8221; column_direction_tablet=&#8221;default&#8221; column_direction_phone=&#8221;default&#8221; scene_position=&#8221;center&#8221; text_color=&#8221;dark&#8221; text_align=&#8221;left&#8221; row_border_radius=&#8221;none&#8221; row_border_radius_applies=&#8221;bg&#8221; row_position_desktop=&#8221;default&#8221; row_position_tablet=&#8221;inherit&#8221; row_position_phone=&#8221;inherit&#8221; overflow=&#8221;visible&#8221; overlay_strength=&#8221;0.3&#8243; gradient_direction=&#8221;left_to_right&#8221; shape_divider_position=&#8221;bottom&#8221; bg_image_animation=&#8221;none&#8221;][vc_column column_padding=&#8221;no-extra-padding&#8221; column_padding_tablet=&#8221;inherit&#8221; column_padding_phone=&#8221;inherit&#8221; column_padding_position=&#8221;all&#8221; flex_gap_desktop=&#8221;10px&#8221; column_element_direction_desktop=&#8221;default&#8221; column_element_spacing=&#8221;default&#8221; desktop_text_alignment=&#8221;default&#8221; tablet_text_alignment=&#8221;default&#8221; phone_text_alignment=&#8221;default&#8221; background_color_opacity=&#8221;1&#8243; background_hover_color_opacity=&#8221;1&#8243; column_backdrop_filter=&#8221;none&#8221; column_shadow=&#8221;none&#8221; column_border_radius=&#8221;none&#8221; column_link_target=&#8221;_self&#8221; column_position=&#8221;default&#8221; gradient_direction=&#8221;left_to_right&#8221; overlay_strength=&#8221;0.3&#8243; width=&#8221;1\/1&#8243; tablet_width_inherit=&#8221;default&#8221; animation_type=&#8221;default&#8221; bg_image_animation=&#8221;none&#8221; border_type=&#8221;simple&#8221; column_border_width=&#8221;none&#8221; column_border_style=&#8221;solid&#8221;][image_with_animation image_url=&#8221;11872&#8243; image_size=&#8221;full&#8221; max_width=&#8221;100%&#8221; max_width_mobile=&#8221;default&#8221; animation_type=&#8221;entrance&#8221; animation=&#8221;None&#8221; animation_movement_type=&#8221;transform_y&#8221; hover_animation=&#8221;none&#8221; alignment=&#8221;&#8221; border_radius=&#8221;none&#8221; box_shadow=&#8221;none&#8221; image_loading=&#8221;default&#8221;][\/vc_column][\/vc_row]\n","protected":false},"excerpt":{"rendered":"<p>[vc_row type=&#8221;in_container&#8221; full_screen_row_position=&#8221;middle&#8221; column_margin=&#8221;default&#8221; column_direction=&#8221;default&#8221; column_direction_tablet=&#8221;default&#8221; column_direction_phone=&#8221;default&#8221; scene_position=&#8221;center&#8221; top_padding=&#8221;1%&#8221; bottom_padding=&#8221;3%&#8221; text_color=&#8221;dark&#8221; text_align=&#8221;left&#8221; row_border_radius=&#8221;none&#8221; row_border_radius_applies=&#8221;bg&#8221; row_position_desktop=&#8221;default&#8221; row_position_tablet=&#8221;inherit&#8221; row_position_phone=&#8221;inherit&#8221; overflow=&#8221;visible&#8221; overlay_strength=&#8221;0.3&#8243; gradient_direction=&#8221;left_to_right&#8221;&#8230;<\/p>\n","protected":false},"author":5,"featured_media":11835,"comment_status":"closed","ping_status":"open","sticky":false,"template":"","format":"standard","meta":{"footnotes":""},"categories":[13,6],"tags":[],"class_list":["post-11839","post","type-post","status-publish","format-standard","has-post-thumbnail","category-news","category-non-categorizzato"],"yoast_head":"<!-- This site is optimized with the Yoast SEO plugin v28.3 - https:\/\/yoast.com\/product\/yoast-seo-wordpress\/ -->\n<title>Gli alunni e le alunne con disabilit\u00e0 hanno diritto al sostegno di cui hanno bisogno - AEB-Aktive Eltern von Menschen mit Behinderung VFG | Bozen | S\u00fcdtirol<\/title>\n<meta name=\"robots\" content=\"index, follow, max-snippet:-1, max-image-preview:large, max-video-preview:-1\" \/>\n<link rel=\"canonical\" href=\"https:\/\/a-eb.org\/it\/gli-alunni-e-le-alunne-con-disabilita-hanno-diritto-al-sostegno-di-cui-hanno-bisogno\/\" \/>\n<meta property=\"og:locale\" content=\"it_IT\" \/>\n<meta property=\"og:type\" content=\"article\" \/>\n<meta property=\"og:title\" content=\"Gli alunni e le alunne con disabilit\u00e0 hanno diritto al sostegno di cui hanno bisogno - AEB-Aktive Eltern von Menschen mit Behinderung VFG | Bozen | S\u00fcdtirol\" \/>\n<meta property=\"og:description\" content=\"[vc_row type=&#8221;in_container&#8221; full_screen_row_position=&#8221;middle&#8221; column_margin=&#8221;default&#8221; column_direction=&#8221;default&#8221; column_direction_tablet=&#8221;default&#8221; column_direction_phone=&#8221;default&#8221; scene_position=&#8221;center&#8221; top_padding=&#8221;1%&#8221; bottom_padding=&#8221;3%&#8221; text_color=&#8221;dark&#8221; text_align=&#8221;left&#8221; row_border_radius=&#8221;none&#8221; row_border_radius_applies=&#8221;bg&#8221; row_position_desktop=&#8221;default&#8221; row_position_tablet=&#8221;inherit&#8221; row_position_phone=&#8221;inherit&#8221; overflow=&#8221;visible&#8221; overlay_strength=&#8221;0.3&#8243; gradient_direction=&#8221;left_to_right&#8221;...\" \/>\n<meta property=\"og:url\" content=\"https:\/\/a-eb.org\/it\/gli-alunni-e-le-alunne-con-disabilita-hanno-diritto-al-sostegno-di-cui-hanno-bisogno\/\" \/>\n<meta property=\"og:site_name\" content=\"AEB-Aktive Eltern von Menschen mit Behinderung VFG | Bozen | S\u00fcdtirol\" \/>\n<meta property=\"article:published_time\" content=\"2026-06-08T09:56:54+00:00\" \/>\n<meta property=\"article:modified_time\" content=\"2026-08-03T12:10:30+00:00\" \/>\n<meta property=\"og:image\" content=\"https:\/\/a-eb.org\/wordpress\/wp-content\/uploads\/2026\/06\/2026-06-06-2026-Stundenzuweisung-Dolomiten.jpg\" \/>\n\t<meta property=\"og:image:width\" content=\"960\" \/>\n\t<meta property=\"og:image:height\" content=\"383\" \/>\n\t<meta property=\"og:image:type\" content=\"image\/jpeg\" \/>\n<meta name=\"author\" content=\"a-eb\" \/>\n<meta name=\"twitter:card\" content=\"summary_large_image\" \/>\n<meta name=\"twitter:label1\" content=\"Scritto da\" \/>\n\t<meta name=\"twitter:data1\" content=\"a-eb\" \/>\n\t<meta name=\"twitter:label2\" content=\"Tempo di lettura stimato\" \/>\n\t<meta name=\"twitter:data2\" content=\"4 minuti\" \/>\n<script type=\"application\/ld+json\" class=\"yoast-schema-graph\">{\"@context\":\"https:\\\/\\\/schema.org\",\"@graph\":[{\"@type\":\"Article\",\"@id\":\"https:\\\/\\\/a-eb.org\\\/it\\\/gli-alunni-e-le-alunne-con-disabilita-hanno-diritto-al-sostegno-di-cui-hanno-bisogno\\\/#article\",\"isPartOf\":{\"@id\":\"https:\\\/\\\/a-eb.org\\\/it\\\/gli-alunni-e-le-alunne-con-disabilita-hanno-diritto-al-sostegno-di-cui-hanno-bisogno\\\/\"},\"author\":{\"name\":\"a-eb\",\"@id\":\"https:\\\/\\\/a-eb.org\\\/#\\\/schema\\\/person\\\/325fa69af067b3a181046f67c79c67ff\"},\"headline\":\"Gli alunni e le alunne con disabilit\u00e0 hanno diritto al sostegno di cui hanno bisogno\",\"datePublished\":\"2026-06-08T09:56:54+00:00\",\"dateModified\":\"2026-08-03T12:10:30+00:00\",\"mainEntityOfPage\":{\"@id\":\"https:\\\/\\\/a-eb.org\\\/it\\\/gli-alunni-e-le-alunne-con-disabilita-hanno-diritto-al-sostegno-di-cui-hanno-bisogno\\\/\"},\"wordCount\":1559,\"image\":{\"@id\":\"https:\\\/\\\/a-eb.org\\\/it\\\/gli-alunni-e-le-alunne-con-disabilita-hanno-diritto-al-sostegno-di-cui-hanno-bisogno\\\/#primaryimage\"},\"thumbnailUrl\":\"https:\\\/\\\/a-eb.org\\\/wordpress\\\/wp-content\\\/uploads\\\/2026\\\/06\\\/2026-06-06-2026-Stundenzuweisung-Dolomiten.jpg\",\"articleSection\":[\"News\",\"Non categorizzato\"],\"inLanguage\":\"it-IT\"},{\"@type\":\"WebPage\",\"@id\":\"https:\\\/\\\/a-eb.org\\\/it\\\/gli-alunni-e-le-alunne-con-disabilita-hanno-diritto-al-sostegno-di-cui-hanno-bisogno\\\/\",\"url\":\"https:\\\/\\\/a-eb.org\\\/it\\\/gli-alunni-e-le-alunne-con-disabilita-hanno-diritto-al-sostegno-di-cui-hanno-bisogno\\\/\",\"name\":\"Gli alunni e le alunne con disabilit\u00e0 hanno diritto al sostegno di cui hanno bisogno - AEB-Aktive Eltern von Menschen mit Behinderung VFG | Bozen | S\u00fcdtirol\",\"isPartOf\":{\"@id\":\"https:\\\/\\\/a-eb.org\\\/#website\"},\"primaryImageOfPage\":{\"@id\":\"https:\\\/\\\/a-eb.org\\\/it\\\/gli-alunni-e-le-alunne-con-disabilita-hanno-diritto-al-sostegno-di-cui-hanno-bisogno\\\/#primaryimage\"},\"image\":{\"@id\":\"https:\\\/\\\/a-eb.org\\\/it\\\/gli-alunni-e-le-alunne-con-disabilita-hanno-diritto-al-sostegno-di-cui-hanno-bisogno\\\/#primaryimage\"},\"thumbnailUrl\":\"https:\\\/\\\/a-eb.org\\\/wordpress\\\/wp-content\\\/uploads\\\/2026\\\/06\\\/2026-06-06-2026-Stundenzuweisung-Dolomiten.jpg\",\"datePublished\":\"2026-06-08T09:56:54+00:00\",\"dateModified\":\"2026-08-03T12:10:30+00:00\",\"author\":{\"@id\":\"https:\\\/\\\/a-eb.org\\\/#\\\/schema\\\/person\\\/325fa69af067b3a181046f67c79c67ff\"},\"breadcrumb\":{\"@id\":\"https:\\\/\\\/a-eb.org\\\/it\\\/gli-alunni-e-le-alunne-con-disabilita-hanno-diritto-al-sostegno-di-cui-hanno-bisogno\\\/#breadcrumb\"},\"inLanguage\":\"it-IT\",\"potentialAction\":[{\"@type\":\"ReadAction\",\"target\":[\"https:\\\/\\\/a-eb.org\\\/it\\\/gli-alunni-e-le-alunne-con-disabilita-hanno-diritto-al-sostegno-di-cui-hanno-bisogno\\\/\"]}]},{\"@type\":\"ImageObject\",\"inLanguage\":\"it-IT\",\"@id\":\"https:\\\/\\\/a-eb.org\\\/it\\\/gli-alunni-e-le-alunne-con-disabilita-hanno-diritto-al-sostegno-di-cui-hanno-bisogno\\\/#primaryimage\",\"url\":\"https:\\\/\\\/a-eb.org\\\/wordpress\\\/wp-content\\\/uploads\\\/2026\\\/06\\\/2026-06-06-2026-Stundenzuweisung-Dolomiten.jpg\",\"contentUrl\":\"https:\\\/\\\/a-eb.org\\\/wordpress\\\/wp-content\\\/uploads\\\/2026\\\/06\\\/2026-06-06-2026-Stundenzuweisung-Dolomiten.jpg\",\"width\":960,\"height\":383},{\"@type\":\"BreadcrumbList\",\"@id\":\"https:\\\/\\\/a-eb.org\\\/it\\\/gli-alunni-e-le-alunne-con-disabilita-hanno-diritto-al-sostegno-di-cui-hanno-bisogno\\\/#breadcrumb\",\"itemListElement\":[{\"@type\":\"ListItem\",\"position\":1,\"name\":\"Startseite\",\"item\":\"https:\\\/\\\/a-eb.org\\\/it\\\/\"},{\"@type\":\"ListItem\",\"position\":2,\"name\":\"Gli alunni e le alunne con disabilit\u00e0 hanno diritto al sostegno di cui hanno bisogno\"}]},{\"@type\":\"WebSite\",\"@id\":\"https:\\\/\\\/a-eb.org\\\/#website\",\"url\":\"https:\\\/\\\/a-eb.org\\\/\",\"name\":\"AEB-Aktive Eltern von Menschen mit Behinderung VFG | Bozen | S\u00fcdtirol\",\"description\":\"AEB-Aktive Eltern von Menschen mit Behinderung VFG\",\"potentialAction\":[{\"@type\":\"SearchAction\",\"target\":{\"@type\":\"EntryPoint\",\"urlTemplate\":\"https:\\\/\\\/a-eb.org\\\/?s={search_term_string}\"},\"query-input\":{\"@type\":\"PropertyValueSpecification\",\"valueRequired\":true,\"valueName\":\"search_term_string\"}}],\"inLanguage\":\"it-IT\"},{\"@type\":\"Person\",\"@id\":\"https:\\\/\\\/a-eb.org\\\/#\\\/schema\\\/person\\\/325fa69af067b3a181046f67c79c67ff\",\"name\":\"a-eb\",\"url\":\"https:\\\/\\\/a-eb.org\\\/it\\\/author\\\/a-eb\\\/\"}]}<\/script>\n<!-- \/ Yoast SEO plugin. -->","yoast_head_json":{"title":"Gli alunni e le alunne con disabilit\u00e0 hanno diritto al sostegno di cui hanno bisogno - AEB-Aktive Eltern von Menschen mit Behinderung VFG | Bozen | S\u00fcdtirol","robots":{"index":"index","follow":"follow","max-snippet":"max-snippet:-1","max-image-preview":"max-image-preview:large","max-video-preview":"max-video-preview:-1"},"canonical":"https:\/\/a-eb.org\/it\/gli-alunni-e-le-alunne-con-disabilita-hanno-diritto-al-sostegno-di-cui-hanno-bisogno\/","og_locale":"it_IT","og_type":"article","og_title":"Gli alunni e le alunne con disabilit\u00e0 hanno diritto al sostegno di cui hanno bisogno - AEB-Aktive Eltern von Menschen mit Behinderung VFG | Bozen | S\u00fcdtirol","og_description":"[vc_row type=&#8221;in_container&#8221; full_screen_row_position=&#8221;middle&#8221; column_margin=&#8221;default&#8221; column_direction=&#8221;default&#8221; column_direction_tablet=&#8221;default&#8221; column_direction_phone=&#8221;default&#8221; scene_position=&#8221;center&#8221; top_padding=&#8221;1%&#8221; bottom_padding=&#8221;3%&#8221; text_color=&#8221;dark&#8221; text_align=&#8221;left&#8221; row_border_radius=&#8221;none&#8221; row_border_radius_applies=&#8221;bg&#8221; row_position_desktop=&#8221;default&#8221; row_position_tablet=&#8221;inherit&#8221; row_position_phone=&#8221;inherit&#8221; overflow=&#8221;visible&#8221; overlay_strength=&#8221;0.3&#8243; gradient_direction=&#8221;left_to_right&#8221;...","og_url":"https:\/\/a-eb.org\/it\/gli-alunni-e-le-alunne-con-disabilita-hanno-diritto-al-sostegno-di-cui-hanno-bisogno\/","og_site_name":"AEB-Aktive Eltern von Menschen mit Behinderung VFG | Bozen | S\u00fcdtirol","article_published_time":"2026-06-08T09:56:54+00:00","article_modified_time":"2026-08-03T12:10:30+00:00","og_image":[{"width":960,"height":383,"url":"https:\/\/a-eb.org\/wordpress\/wp-content\/uploads\/2026\/06\/2026-06-06-2026-Stundenzuweisung-Dolomiten.jpg","type":"image\/jpeg"}],"author":"a-eb","twitter_card":"summary_large_image","twitter_misc":{"Scritto da":"a-eb","Tempo di lettura stimato":"4 minuti"},"schema":{"@context":"https:\/\/schema.org","@graph":[{"@type":"Article","@id":"https:\/\/a-eb.org\/it\/gli-alunni-e-le-alunne-con-disabilita-hanno-diritto-al-sostegno-di-cui-hanno-bisogno\/#article","isPartOf":{"@id":"https:\/\/a-eb.org\/it\/gli-alunni-e-le-alunne-con-disabilita-hanno-diritto-al-sostegno-di-cui-hanno-bisogno\/"},"author":{"name":"a-eb","@id":"https:\/\/a-eb.org\/#\/schema\/person\/325fa69af067b3a181046f67c79c67ff"},"headline":"Gli alunni e le alunne con disabilit\u00e0 hanno diritto al sostegno di cui hanno bisogno","datePublished":"2026-06-08T09:56:54+00:00","dateModified":"2026-08-03T12:10:30+00:00","mainEntityOfPage":{"@id":"https:\/\/a-eb.org\/it\/gli-alunni-e-le-alunne-con-disabilita-hanno-diritto-al-sostegno-di-cui-hanno-bisogno\/"},"wordCount":1559,"image":{"@id":"https:\/\/a-eb.org\/it\/gli-alunni-e-le-alunne-con-disabilita-hanno-diritto-al-sostegno-di-cui-hanno-bisogno\/#primaryimage"},"thumbnailUrl":"https:\/\/a-eb.org\/wordpress\/wp-content\/uploads\/2026\/06\/2026-06-06-2026-Stundenzuweisung-Dolomiten.jpg","articleSection":["News","Non categorizzato"],"inLanguage":"it-IT"},{"@type":"WebPage","@id":"https:\/\/a-eb.org\/it\/gli-alunni-e-le-alunne-con-disabilita-hanno-diritto-al-sostegno-di-cui-hanno-bisogno\/","url":"https:\/\/a-eb.org\/it\/gli-alunni-e-le-alunne-con-disabilita-hanno-diritto-al-sostegno-di-cui-hanno-bisogno\/","name":"Gli alunni e le alunne con disabilit\u00e0 hanno diritto al sostegno di cui hanno bisogno - AEB-Aktive Eltern von Menschen mit Behinderung VFG | Bozen | S\u00fcdtirol","isPartOf":{"@id":"https:\/\/a-eb.org\/#website"},"primaryImageOfPage":{"@id":"https:\/\/a-eb.org\/it\/gli-alunni-e-le-alunne-con-disabilita-hanno-diritto-al-sostegno-di-cui-hanno-bisogno\/#primaryimage"},"image":{"@id":"https:\/\/a-eb.org\/it\/gli-alunni-e-le-alunne-con-disabilita-hanno-diritto-al-sostegno-di-cui-hanno-bisogno\/#primaryimage"},"thumbnailUrl":"https:\/\/a-eb.org\/wordpress\/wp-content\/uploads\/2026\/06\/2026-06-06-2026-Stundenzuweisung-Dolomiten.jpg","datePublished":"2026-06-08T09:56:54+00:00","dateModified":"2026-08-03T12:10:30+00:00","author":{"@id":"https:\/\/a-eb.org\/#\/schema\/person\/325fa69af067b3a181046f67c79c67ff"},"breadcrumb":{"@id":"https:\/\/a-eb.org\/it\/gli-alunni-e-le-alunne-con-disabilita-hanno-diritto-al-sostegno-di-cui-hanno-bisogno\/#breadcrumb"},"inLanguage":"it-IT","potentialAction":[{"@type":"ReadAction","target":["https:\/\/a-eb.org\/it\/gli-alunni-e-le-alunne-con-disabilita-hanno-diritto-al-sostegno-di-cui-hanno-bisogno\/"]}]},{"@type":"ImageObject","inLanguage":"it-IT","@id":"https:\/\/a-eb.org\/it\/gli-alunni-e-le-alunne-con-disabilita-hanno-diritto-al-sostegno-di-cui-hanno-bisogno\/#primaryimage","url":"https:\/\/a-eb.org\/wordpress\/wp-content\/uploads\/2026\/06\/2026-06-06-2026-Stundenzuweisung-Dolomiten.jpg","contentUrl":"https:\/\/a-eb.org\/wordpress\/wp-content\/uploads\/2026\/06\/2026-06-06-2026-Stundenzuweisung-Dolomiten.jpg","width":960,"height":383},{"@type":"BreadcrumbList","@id":"https:\/\/a-eb.org\/it\/gli-alunni-e-le-alunne-con-disabilita-hanno-diritto-al-sostegno-di-cui-hanno-bisogno\/#breadcrumb","itemListElement":[{"@type":"ListItem","position":1,"name":"Startseite","item":"https:\/\/a-eb.org\/it\/"},{"@type":"ListItem","position":2,"name":"Gli alunni e le alunne con disabilit\u00e0 hanno diritto al sostegno di cui hanno bisogno"}]},{"@type":"WebSite","@id":"https:\/\/a-eb.org\/#website","url":"https:\/\/a-eb.org\/","name":"AEB-Aktive Eltern von Menschen mit Behinderung VFG | Bozen | S\u00fcdtirol","description":"AEB-Aktive Eltern von Menschen mit Behinderung VFG","potentialAction":[{"@type":"SearchAction","target":{"@type":"EntryPoint","urlTemplate":"https:\/\/a-eb.org\/?s={search_term_string}"},"query-input":{"@type":"PropertyValueSpecification","valueRequired":true,"valueName":"search_term_string"}}],"inLanguage":"it-IT"},{"@type":"Person","@id":"https:\/\/a-eb.org\/#\/schema\/person\/325fa69af067b3a181046f67c79c67ff","name":"a-eb","url":"https:\/\/a-eb.org\/it\/author\/a-eb\/"}]}},"_links":{"self":[{"href":"https:\/\/a-eb.org\/it\/wp-json\/wp\/v2\/posts\/11839","targetHints":{"allow":["GET"]}}],"collection":[{"href":"https:\/\/a-eb.org\/it\/wp-json\/wp\/v2\/posts"}],"about":[{"href":"https:\/\/a-eb.org\/it\/wp-json\/wp\/v2\/types\/post"}],"author":[{"embeddable":true,"href":"https:\/\/a-eb.org\/it\/wp-json\/wp\/v2\/users\/5"}],"replies":[{"embeddable":true,"href":"https:\/\/a-eb.org\/it\/wp-json\/wp\/v2\/comments?post=11839"}],"version-history":[{"count":3,"href":"https:\/\/a-eb.org\/it\/wp-json\/wp\/v2\/posts\/11839\/revisions"}],"predecessor-version":[{"id":11980,"href":"https:\/\/a-eb.org\/it\/wp-json\/wp\/v2\/posts\/11839\/revisions\/11980"}],"wp:featuredmedia":[{"embeddable":true,"href":"https:\/\/a-eb.org\/it\/wp-json\/wp\/v2\/media\/11835"}],"wp:attachment":[{"href":"https:\/\/a-eb.org\/it\/wp-json\/wp\/v2\/media?parent=11839"}],"wp:term":[{"taxonomy":"category","embeddable":true,"href":"https:\/\/a-eb.org\/it\/wp-json\/wp\/v2\/categories?post=11839"},{"taxonomy":"post_tag","embeddable":true,"href":"https:\/\/a-eb.org\/it\/wp-json\/wp\/v2\/tags?post=11839"}],"curies":[{"name":"wp","href":"https:\/\/api.w.org\/{rel}","templated":true}]}}